{"id":372,"date":"2021-12-13T19:56:28","date_gmt":"2021-12-13T19:56:28","guid":{"rendered":"https:\/\/oficina23.com.mx\/?p=372"},"modified":"2021-12-23T21:18:30","modified_gmt":"2021-12-23T21:18:30","slug":"que-es-el-salario-emocional","status":"publish","type":"post","link":"https:\/\/oficina23.com.mx\/index.php\/2021\/12\/13\/que-es-el-salario-emocional\/","title":{"rendered":"\u00bfQu\u00e9 es el salario emocional?"},"content":{"rendered":"\n<p>Antes de explicarte en que consiste el <strong><span class=\"has-inline-color has-luminous-vivid-orange-color\">salario emocional<\/span><\/strong>, te has preguntado \u00bfcu\u00e1l es la raz\u00f3n por la que trabajas? De seguro est\u00e1s pensando que por el dinero \u00bfcierto? Puede que sea un motivo muy grande por la cual te levantas diario a dar todo de ti en ese empleo, pero no siempre es un factor de tu satisfacci\u00f3n laboral.<\/p>\n\n\n\n<figure class=\"wp-block-image size-large is-resized is-style-rounded\"><img decoding=\"async\" loading=\"lazy\" src=\"https:\/\/oficina23.com.mx\/wp-content\/uploads\/2021\/12\/world-habitat-day-close-up-picture-of-pile-of-coins-and-sag-of-coin-1024x683.jpg\" alt=\"\" class=\"wp-image-373\" width=\"459\" height=\"305\" srcset=\"https:\/\/oficina23.com.mx\/wp-content\/uploads\/2021\/12\/world-habitat-day-close-up-picture-of-pile-of-coins-and-sag-of-coin-1024x683.jpg 1024w, https:\/\/oficina23.com.mx\/wp-content\/uploads\/2021\/12\/world-habitat-day-close-up-picture-of-pile-of-coins-and-sag-of-coin-300x200.jpg 300w, https:\/\/oficina23.com.mx\/wp-content\/uploads\/2021\/12\/world-habitat-day-close-up-picture-of-pile-of-coins-and-sag-of-coin-768x512.jpg 768w, https:\/\/oficina23.com.mx\/wp-content\/uploads\/2021\/12\/world-habitat-day-close-up-picture-of-pile-of-coins-and-sag-of-coin-1536x1024.jpg 1536w, https:\/\/oficina23.com.mx\/wp-content\/uploads\/2021\/12\/world-habitat-day-close-up-picture-of-pile-of-coins-and-sag-of-coin-2048x1365.jpg 2048w, https:\/\/oficina23.com.mx\/wp-content\/uploads\/2021\/12\/world-habitat-day-close-up-picture-of-pile-of-coins-and-sag-of-coin-1080x720.jpg 1080w\" sizes=\"(max-width: 459px) 100vw, 459px\" \/><\/figure>\n\n\n\n<p>Se define como todos los elementos que te permiten crecer de manera profesional y personal. Muchas empresas lo utilizan como estrategia para lograr fidelidad en sus empleados, adem\u00e1s de que siempre se encuentren en condiciones \u00f3ptimas para su productividad.<\/p>\n\n\n\n<p class=\"has-normal-font-size\">\u00a1OJO! Un salario emocional alto nunca va a compensar un sueldo econ\u00f3mico tan bajo.<\/p>\n\n\n\n<p>Que quede claro, ponerte la camiseta y ser recompensado con pizza algunos viernes, no es a lo que nos referimos exactamente.<\/p>\n\n\n\n<p>\u00bfQu\u00e9 beneficios tiene un plan de salario emocional?<\/p>\n\n\n\n<ul><li><span class=\"has-inline-color has-luminous-vivid-orange-color\"><strong>Flexibilidad de tiempo.<br><\/strong><\/span>Trabajo remoto, d\u00edas libres para asuntos personales, jornada reducida, salida temprano los viernes.<\/li><\/ul>\n\n\n\n<ul><li><strong><span class=\"has-inline-color has-luminous-vivid-orange-color\">Lugar de trabajo.<br><\/span><\/strong>Salas de descanso, cafeter\u00eda, m\u00e1quinas expendedoras, refrigerios.<\/li><\/ul>\n\n\n\n<ul><li><strong><span class=\"has-inline-color has-luminous-vivid-orange-color\">Equilibrio entre vida y trabajo.<br><\/span><\/strong>Espacios de relajaci\u00f3n, d\u00eda libre por cumplea\u00f1os, d\u00edas de vacaciones extra, eventos de bienestar, licencia de maternidad y paternidad.<\/li><\/ul>\n\n\n\n<ul><li><strong><span class=\"has-inline-color has-luminous-vivid-orange-color\">Desarrollo profesional.<br><\/span><\/strong>Programas de reconocimiento, programas de coaching , plan de carrera, promoci\u00f3n de high potentials<\/li><\/ul>\n\n\n\n<ul><li><strong><span class=\"has-inline-color has-luminous-vivid-orange-color\">Otros beneficios.<br><\/span><\/strong>Gimnasio, convenios de descuentos, vestimenta casual, regalos, asesor\u00edas legales y\/o psicol\u00f3gicas, cr\u00e9ditos de la empresa.<\/li><\/ul>\n\n\n\n<p>Ahora s\u00ed, hazte medita lo siguiente: Si dejas a un lado el salario econ\u00f3mico \u00bfcu\u00e1l es la raz\u00f3n por la que trabajabas?<\/p>\n\n\n\n<p><\/p>\n\n\n\n<p><\/p>\n","protected":false},"excerpt":{"rendered":"<p>Antes de explicarte en que consiste el salario emocional, te has preguntado \u00bfcu\u00e1l es la raz\u00f3n por la que trabajas? De seguro est\u00e1s pensando que por el dinero \u00bfcierto? Puede que sea un motivo muy grande por la cual te levantas diario a dar todo de ti en ese empleo, pero no siempre es un [&hellip;]<\/p>\n","protected":false},"author":1,"featured_media":374,"comment_status":"open","ping_status":"open","sticky":false,"template":"","format":"standard","meta":{"_et_pb_use_builder":"off","_et_pb_old_content":"","_et_gb_content_width":"","_mi_skip_tracking":false},"categories":[1],"tags":[],"_links":{"self":[{"href":"https:\/\/oficina23.com.mx\/index.php\/wp-json\/wp\/v2\/posts\/372"}],"collection":[{"href":"https:\/\/oficina23.com.mx\/index.php\/wp-json\/wp\/v2\/posts"}],"about":[{"href":"https:\/\/oficina23.com.mx\/index.php\/wp-json\/wp\/v2\/types\/post"}],"author":[{"embeddable":true,"href":"https:\/\/oficina23.com.mx\/index.php\/wp-json\/wp\/v2\/users\/1"}],"replies":[{"embeddable":true,"href":"https:\/\/oficina23.com.mx\/index.php\/wp-json\/wp\/v2\/comments?post=372"}],"version-history":[{"count":2,"href":"https:\/\/oficina23.com.mx\/index.php\/wp-json\/wp\/v2\/posts\/372\/revisions"}],"predecessor-version":[{"id":388,"href":"https:\/\/oficina23.com.mx\/index.php\/wp-json\/wp\/v2\/posts\/372\/revisions\/388"}],"wp:featuredmedia":[{"embeddable":true,"href":"https:\/\/oficina23.com.mx\/index.php\/wp-json\/wp\/v2\/media\/374"}],"wp:attachment":[{"href":"https:\/\/oficina23.com.mx\/index.php\/wp-json\/wp\/v2\/media?parent=372"}],"wp:term":[{"taxonomy":"category","embeddable":true,"href":"https:\/\/oficina23.com.mx\/index.php\/wp-json\/wp\/v2\/categories?post=372"},{"taxonomy":"post_tag","embeddable":true,"href":"https:\/\/oficina23.com.mx\/index.php\/wp-json\/wp\/v2\/tags?post=372"}],"curies":[{"name":"wp","href":"https:\/\/api.w.org\/{rel}","templated":true}]}}